{"id":3756,"date":"2023-12-22T11:02:49","date_gmt":"2023-12-22T10:02:49","guid":{"rendered":"https:\/\/orion-veicolispeciali.info\/it\/?p=3756"},"modified":"2026-02-13T12:04:45","modified_gmt":"2026-02-13T11:04:45","slug":"politica-per-la-qualita-lambiente-la-responsabilita-sociale-la-salute-e-sicurezza","status":"publish","type":"post","link":"https:\/\/orion-veicolispeciali.info\/it\/codice-etico\/politica-per-la-qualita-lambiente-la-responsabilita-sociale-la-salute-e-sicurezza\/","title":{"rendered":"Politica per la qualit\u00e0, l\u2019ambiente, la responsabilit\u00e0 sociale, la salute e sicurezza"},"content":{"rendered":"<div class=\"fusion-fullwidth fullwidth-box fusion-builder-row-1 nonhundred-percent-fullwidth non-hundred-percent-height-scrolling\"  style='background-color: rgba(255,255,255,0);background-position: center center;background-repeat: no-repeat;padding-top:0px;padding-right:30px;padding-bottom:0px;padding-left:30px;'><div class=\"fusion-builder-row fusion-row \"><div  class=\"fusion-layout-column fusion_builder_column fusion_builder_column_1_1 fusion-builder-column-1 fusion-one-full fusion-column-first fusion-column-last 1_1\"  style='margin-top:0px;margin-bottom:0px;'>\n\t\t\t\t\t<div class=\"fusion-column-wrapper\" style=\"padding: 0px 0px 0px 0px;background-position:left top;background-repeat:no-repeat;-webkit-background-size:cover;-moz-background-size:cover;-o-background-size:cover;background-size:cover;\"   data-bg-url=\"\">\n\t\t\t\t\t\t<div class=\"fusion-text\"><div id=\"pl-3756\" class=\"panel-layout\">\n<div id=\"pg-3756-0\" class=\"panel-grid panel-no-style\" data-style=\"{&quot;background_image_attachment&quot;:false,&quot;background_display&quot;:&quot;tile&quot;,&quot;background_image_size&quot;:&quot;full&quot;,&quot;background_image_opacity&quot;:&quot;100&quot;,&quot;border_thickness&quot;:&quot;1px&quot;,&quot;full_height&quot;:&quot;&quot;,&quot;cell_alignment&quot;:&quot;flex-start&quot;}\">\n<div id=\"pgc-3756-0-0\" class=\"panel-grid-cell\" data-weight=\"1\">\n<div id=\"panel-3756-0-0-0\" class=\"so-panel widget widget_text panel-first-child panel-last-child\" data-index=\"0\" data-style=\"{&quot;background_image_attachment&quot;:false,&quot;background_display&quot;:&quot;tile&quot;,&quot;background_image_size&quot;:&quot;full&quot;,&quot;background_image_opacity&quot;:&quot;100&quot;,&quot;border_thickness&quot;:&quot;1px&quot;}\">\n<h3 class=\"widget-title\">Politica per la qualit\u00e0, l\u2019ambiente, la responsabilit\u00e0 sociale, la salute e sicurezza<\/h3>\n<div class=\"textwidget\">\n<p>La ORION srl, consapevole dell\u2019estrema importanza che riveste l\u2019eccellenza qualitativa dei prodotti venduti, si impegna ad utilizzare la politica per la qualit\u00e0, l\u2019ambiente, la responsabilit\u00e0 sociale, e la salute e sicurezza come mezzo e quadro di riferimento per condurre la propria organizzazione verso il miglioramento delle prestazioni e per fissare gli obiettivi di qualit\u00e0, tutela dell\u2019ambiente, responsabilit\u00e0 sociale di impresa e salute e sicurezza sul lavoro. La ORION srl pone inoltre tra gli obiettivi principali da perseguire, la tutela della sicurezza e della salute nei luoghi di lavoro, condizioni di lavoro sicure e salubri, la prevenzione di lesioni e malattie, la tutela della dignit\u00e0 e delle condizioni di lavoro del personale, la tutela dell\u2019ambiente, ritenendo che il perseguimento di tali obiettivi e il continuo miglioramento delle condizioni di salute e sicurezza, sociali e ambientali costituiscano primariamente un importante impegno di carattere sociale nei confronti dei lavoratori e del territorio. In secondo luogo, la creazione ed il miglioramento di tali condizioni sono ritenuti elementi che contribuiscono in modo significativo all\u2019efficienza del processo produttivo e alla competitivit\u00e0 dell\u2019Azienda nel mercato. In questa prospettiva la ORION srl si propone di:<\/p>\n<ul>\n<li>Pianificare e riesaminare su base annuale degli obiettivi, definiti in linea con la presente Politica e misurabili mediante opportuni indicatori e traguardi, inerenti al sistema di gestione, al funzionamento dei processi aziendali, alla soddisfazione del cliente e alla qualit\u00e0 di prodotto, al rispetto delle norme cogenti, al miglioramento continuo per gli aspetti di qualit\u00e0, ambiente e responsabilit\u00e0 sociale, salute e sicurezza sul lavoro.<\/li>\n<li>Comprendere e soddisfare costantemente le esigenze e le aspettative dei clienti attuali e potenziali. Condurre le attivit\u00e0 nel rispetto delle prescrizioni legali applicabili e degli impegni sottoscritti.<\/li>\n<li>Perseguire l\u2019impegno per il miglioramento continuo e migliorare continuamente i processi di realizzazione dei prodotti per assicurare valore alle parti interessate (clienti, propriet\u00e0, personale dipendente, comunit\u00e0). Migliorare continuamente le prestazioni di gestione ambientale e della salute e sicurezza. Perseguire l\u2019impegno per eliminare pericoli e ridurre i rischi per la salute e la sicurezza dei lavoratori.<\/li>\n<\/ul>\n<ul>\n<li>Stabilire con i fornitori selezionati rapporti di collaborazione al fine di migliorare l\u2019efficacia e l\u2019efficienza del processo di approvvigionamento e creare valore aggiunto per entrambe le parti.Promuovere il coinvolgimento e lo sviluppo del personale dipendente attraverso la motivazione, da attuare con la responsabilizzazione, il soddisfacimento professionale, il riconoscimento e la formazione continua.<\/li>\n<li>Mettere a disposizione risorse adeguate per la realizzazione degli obiettivi di miglioramento della produzione e del servizio erogato, degli obiettivi ambientali, di salute e sicurezza e di responsabilit\u00e0 sociale, dell\u2019organizzazione e della documentazione del Sistema di Gestione.<\/li>\n<li>Accertare in occasione del riesame da parte della Direzione la continua idoneit\u00e0 della politica per la Qualit\u00e0, Ambiente, la Salute e Sicurezze nei luoghi di lavoro e Responsabilit\u00e0 Sociale,nonch\u00e9 l\u2019adeguatezza degli obiettivi.<\/li>\n<li>Comunicare la Politica per la Qualit\u00e0, per l\u2019Ambiente, la Responsabilit\u00e0 Sociale e la Salute e Sicurezza al personale dipendente, avendo cura che essa sia compresa e rispettata. Comunicare altres\u00ec la Politica ai fornitori e ai portatori di interesse in generale.<\/li>\n<li>Impegnarsi a promuovere e garantire la partecipazione e la consultazione dei lavoratori e, ove istituiti, dei Rappresentanti dei Lavoratori per la Sicurezza (RLS) e dei membri del Social Performance Team (SPT) per la responsabilit\u00e0 sociale di impresa.<\/li>\n<li>Ottemperare alle disposizioni delle leggi vigenti, sia nazionaliche internazionali, in materia di prodotto, ambiente, sicurezza, condizioni di lavoro e delle norme tecniche di riferimento, nonch\u00e9 alle prescrizioni sottoscritte dall\u2019Azienda.<\/li>\n<li>Condurre le attivit\u00e0 in conformit\u00e0 alle prescrizioni dello standard di riferimento PAS 24000:2022 vigente per gli aspetti di responsabilit\u00e0 sociale e agli strumenti internazionali in esso previsti, alle leggi nazionali, alle altre leggi applicabili, alle prescrizioni sottoscritte, alle prescrizioni previste dalle convenzioni ONU su i diritti umani e dalle convenzioni ILO sui diritti umani, i diritti dei lavoratori, la tutela dei minori, la tutela delle lavoratrici madri, ogni forma di discriminazione.<\/li>\n<li>Stabilire un codice etico di Responsabilit\u00e0 Sociale da comunicare a tutto il personale che comprende l\u2019impegno dell\u2019Azienda a non avvalersi di lavoro minorile, di condizioni di lavoro forzato o obbligato, a garantire la libert\u00e0 di associazione e di contrattazione collettiva, a rifiutare qualunque forma di discriminazione, a non ricorrere a provvedimenti disciplinari basati su violenza e coercizione, sia fisica che mentale, a rispettare le condizioni dei contratti di lavoro, a tutelare e migliorare la tutela della salute e della sicurezza sul lavoro.<\/li>\n<li>Impegnarsi a promuovere il contrasto senza riserve ad ogni forma di bullismo, qualunque tipo di abuso, molestie, con tolleranza zero.<\/li>\n<li>Garantire un trattamento equo tra i lavoratori.<\/li>\n<li>Monitorare continuamente le situazioni di pericolo, sia per le persone che per l\u2019ambiente, e del livello dei rischi connessi alle attivit\u00e0 produttive, agli impianti, alle macchine, ai materiali, alle attrezzature utilizzate per tali attivit\u00e0 e in generale ai fattori di pericolo in per la salute e la sicurezza del personale e dei visitatori esterni.<\/li>\n<li>Riesaminare le contromisure adottate e monitorare l\u2019efficacia delle stesse al fine di migliorare le condizioni di salute e sicurezza per le persone e per l\u2019ambiente mediante misure tecniche e organizzative.<\/li>\n<li>Proteggere l\u2019ambiente, prevenire l\u2019inquinamento, minimizzare l\u2019impatto ambientale risultante dalla conduzione delle attivit\u00e0 produttive. Perseguire obiettivi di conduzione della propria attivit\u00e0 in modo eco-sostenibile, di risparmio energetico e di impegno per la prevenzione e la minimizzazione di ogni forma di inquinamento prodotto e dei rifiuti.<\/li>\n<li>Perseguire una politica incentrata sull\u2019integrit\u00e0, sulla correttezza e l\u2019etica della conduzione degli affari nel rispetto delle prescrizioni legali amministrative, di salute e sicurezza, ambiente.<\/li>\n<\/ul>\n<p>Calenzano, 1 Dicembre 2023\u00a0\u00a0\u00a0\u00a0\u00a0\u00a0\u00a0\u00a0\u00a0\u00a0\u00a0\u00a0\u00a0\u00a0\u00a0\u00a0\u00a0\u00a0\u00a0\u00a0\u00a0\u00a0\u00a0\u00a0\u00a0\u00a0\u00a0\u00a0\u00a0\u00a0\u00a0\u00a0\u00a0\u00a0\u00a0\u00a0\u00a0\u00a0\u00a0\u00a0\u00a0\u00a0\u00a0\u00a0\u00a0\u00a0\u00a0\u00a0\u00a0\u00a0\u00a0\u00a0\u00a0\u00a0\u00a0\u00a0\u00a0\u00a0\u00a0\u00a0\u00a0\u00a0\u00a0\u00a0\u00a0\u00a0\u00a0 LA DIREZIONE<\/p>\n<\/div>\n<\/div>\n<\/div>\n<\/div>\n<\/div>\n<\/div><div class=\"fusion-clearfix\"><\/div>\n\n\t\t\t\t\t<\/div>\n\t\t\t\t<\/div><\/div><\/div>\n","protected":false},"excerpt":{"rendered":"","protected":false},"author":1000,"featured_media":0,"comment_status":"closed","ping_status":"closed","sticky":false,"template":"","format":"standard","meta":{"footnotes":""},"categories":[18],"tags":[],"class_list":["post-3756","post","type-post","status-publish","format-standard","hentry","category-codice-etico"],"yoast_head":"<!-- This site is optimized with the Yoast SEO plugin v27.5 - https:\/\/yoast.com\/product\/yoast-seo-wordpress\/ -->\n<title>Politica per la qualit\u00e0, l\u2019ambiente, la responsabilit\u00e0 sociale, la salute e sicurezza - Orion Veicoli Speciali<\/title>\n<meta name=\"description\" content=\"Politica per la qualit\u00e0, l\u2019ambiente, la responsabilit\u00e0 sociale, la salute e sicurezza di Orion veicoli speciali\" \/>\n<meta name=\"robots\" content=\"index, follow, max-snippet:-1, max-image-preview:large, max-video-preview:-1\" \/>\n<link rel=\"canonical\" href=\"https:\/\/orion-veicolispeciali.info\/it\/codice-etico\/politica-per-la-qualita-lambiente-la-responsabilita-sociale-la-salute-e-sicurezza\/\" \/>\n<meta property=\"og:locale\" content=\"it_IT\" \/>\n<meta property=\"og:type\" content=\"article\" \/>\n<meta property=\"og:title\" content=\"Politica per la qualit\u00e0, l\u2019ambiente, la responsabilit\u00e0 sociale, la salute e sicurezza - Orion Veicoli Speciali\" \/>\n<meta property=\"og:description\" content=\"Politica per la qualit\u00e0, l\u2019ambiente, la responsabilit\u00e0 sociale, la salute e sicurezza di Orion veicoli speciali\" \/>\n<meta property=\"og:url\" content=\"https:\/\/orion-veicolispeciali.info\/it\/codice-etico\/politica-per-la-qualita-lambiente-la-responsabilita-sociale-la-salute-e-sicurezza\/\" \/>\n<meta property=\"og:site_name\" content=\"Orion Veicoli Speciali\" \/>\n<meta property=\"article:publisher\" content=\"https:\/\/www.facebook.com\/OrionVeicoliSpeciali\/\" \/>\n<meta property=\"article:published_time\" content=\"2023-12-22T10:02:49+00:00\" \/>\n<meta property=\"article:modified_time\" content=\"2026-02-13T11:04:45+00:00\" \/>\n<meta name=\"author\" content=\"Orion Veicoli Speciali\" \/>\n<meta name=\"twitter:card\" content=\"summary_large_image\" \/>\n<meta name=\"twitter:label1\" content=\"Scritto da\" \/>\n\t<meta name=\"twitter:data1\" content=\"Orion Veicoli Speciali\" \/>\n\t<meta name=\"twitter:label2\" content=\"Tempo di lettura stimato\" \/>\n\t<meta name=\"twitter:data2\" content=\"6 minuti\" \/>\n<script type=\"application\/ld+json\" class=\"yoast-schema-graph\">{\"@context\":\"https:\\\/\\\/schema.org\",\"@graph\":[{\"@type\":\"Article\",\"@id\":\"https:\\\/\\\/orion-veicolispeciali.info\\\/it\\\/codice-etico\\\/politica-per-la-qualita-lambiente-la-responsabilita-sociale-la-salute-e-sicurezza\\\/#article\",\"isPartOf\":{\"@id\":\"https:\\\/\\\/orion-veicolispeciali.info\\\/it\\\/codice-etico\\\/politica-per-la-qualita-lambiente-la-responsabilita-sociale-la-salute-e-sicurezza\\\/\"},\"author\":{\"name\":\"Orion Veicoli Speciali\",\"@id\":\"https:\\\/\\\/orion-veicolispeciali.info\\\/it\\\/#\\\/schema\\\/person\\\/8293dc8acc64615f61ee32bebd43e058\"},\"headline\":\"Politica per la qualit\u00e0, l\u2019ambiente, la responsabilit\u00e0 sociale, la salute e sicurezza\",\"datePublished\":\"2023-12-22T10:02:49+00:00\",\"dateModified\":\"2026-02-13T11:04:45+00:00\",\"mainEntityOfPage\":{\"@id\":\"https:\\\/\\\/orion-veicolispeciali.info\\\/it\\\/codice-etico\\\/politica-per-la-qualita-lambiente-la-responsabilita-sociale-la-salute-e-sicurezza\\\/\"},\"wordCount\":1106,\"publisher\":{\"@id\":\"https:\\\/\\\/orion-veicolispeciali.info\\\/it\\\/#organization\"},\"articleSection\":[\"Codice Etico\"],\"inLanguage\":\"it-IT\"},{\"@type\":\"WebPage\",\"@id\":\"https:\\\/\\\/orion-veicolispeciali.info\\\/it\\\/codice-etico\\\/politica-per-la-qualita-lambiente-la-responsabilita-sociale-la-salute-e-sicurezza\\\/\",\"url\":\"https:\\\/\\\/orion-veicolispeciali.info\\\/it\\\/codice-etico\\\/politica-per-la-qualita-lambiente-la-responsabilita-sociale-la-salute-e-sicurezza\\\/\",\"name\":\"Politica per la qualit\u00e0, l\u2019ambiente, la responsabilit\u00e0 sociale, la salute e sicurezza - Orion Veicoli Speciali\",\"isPartOf\":{\"@id\":\"https:\\\/\\\/orion-veicolispeciali.info\\\/it\\\/#website\"},\"datePublished\":\"2023-12-22T10:02:49+00:00\",\"dateModified\":\"2026-02-13T11:04:45+00:00\",\"description\":\"Politica per la qualit\u00e0, l\u2019ambiente, la responsabilit\u00e0 sociale, la salute e sicurezza di Orion veicoli speciali\",\"breadcrumb\":{\"@id\":\"https:\\\/\\\/orion-veicolispeciali.info\\\/it\\\/codice-etico\\\/politica-per-la-qualita-lambiente-la-responsabilita-sociale-la-salute-e-sicurezza\\\/#breadcrumb\"},\"inLanguage\":\"it-IT\",\"potentialAction\":[{\"@type\":\"ReadAction\",\"target\":[\"https:\\\/\\\/orion-veicolispeciali.info\\\/it\\\/codice-etico\\\/politica-per-la-qualita-lambiente-la-responsabilita-sociale-la-salute-e-sicurezza\\\/\"]}]},{\"@type\":\"BreadcrumbList\",\"@id\":\"https:\\\/\\\/orion-veicolispeciali.info\\\/it\\\/codice-etico\\\/politica-per-la-qualita-lambiente-la-responsabilita-sociale-la-salute-e-sicurezza\\\/#breadcrumb\",\"itemListElement\":[{\"@type\":\"ListItem\",\"position\":1,\"name\":\"Home\",\"item\":\"https:\\\/\\\/orion-veicolispeciali.info\\\/it\\\/\"},{\"@type\":\"ListItem\",\"position\":2,\"name\":\"Politica per la qualit\u00e0, l\u2019ambiente, la responsabilit\u00e0 sociale, la salute e sicurezza\"}]},{\"@type\":\"WebSite\",\"@id\":\"https:\\\/\\\/orion-veicolispeciali.info\\\/it\\\/#website\",\"url\":\"https:\\\/\\\/orion-veicolispeciali.info\\\/it\\\/\",\"name\":\"Orion Veicoli Speciali\",\"description\":\"\",\"publisher\":{\"@id\":\"https:\\\/\\\/orion-veicolispeciali.info\\\/it\\\/#organization\"},\"potentialAction\":[{\"@type\":\"SearchAction\",\"target\":{\"@type\":\"EntryPoint\",\"urlTemplate\":\"https:\\\/\\\/orion-veicolispeciali.info\\\/it\\\/?s={search_term_string}\"},\"query-input\":{\"@type\":\"PropertyValueSpecification\",\"valueRequired\":true,\"valueName\":\"search_term_string\"}}],\"inLanguage\":\"it-IT\"},{\"@type\":\"Organization\",\"@id\":\"https:\\\/\\\/orion-veicolispeciali.info\\\/it\\\/#organization\",\"name\":\"Orion srl\",\"url\":\"https:\\\/\\\/orion-veicolispeciali.info\\\/it\\\/\",\"logo\":{\"@type\":\"ImageObject\",\"inLanguage\":\"it-IT\",\"@id\":\"https:\\\/\\\/orion-veicolispeciali.info\\\/it\\\/#\\\/schema\\\/logo\\\/image\\\/\",\"url\":\"https:\\\/\\\/orion-veicolispeciali.info\\\/it\\\/wp-content\\\/uploads\\\/2018\\\/03\\\/LogoORION.png\",\"contentUrl\":\"https:\\\/\\\/orion-veicolispeciali.info\\\/it\\\/wp-content\\\/uploads\\\/2018\\\/03\\\/LogoORION.png\",\"width\":600,\"height\":183,\"caption\":\"Orion srl\"},\"image\":{\"@id\":\"https:\\\/\\\/orion-veicolispeciali.info\\\/it\\\/#\\\/schema\\\/logo\\\/image\\\/\"},\"sameAs\":[\"https:\\\/\\\/www.facebook.com\\\/OrionVeicoliSpeciali\\\/\",\"https:\\\/\\\/www.instagram.com\\\/orion_veicoli_speciali\\\/\",\"https:\\\/\\\/www.youtube.com\\\/channel\\\/UCLFqce5NG1-oMgIydtpZpLA?view_as=subscriber\"]},{\"@type\":\"Person\",\"@id\":\"https:\\\/\\\/orion-veicolispeciali.info\\\/it\\\/#\\\/schema\\\/person\\\/8293dc8acc64615f61ee32bebd43e058\",\"name\":\"Orion Veicoli Speciali\",\"image\":{\"@type\":\"ImageObject\",\"inLanguage\":\"it-IT\",\"@id\":\"https:\\\/\\\/secure.gravatar.com\\\/avatar\\\/3484d22b01219ed6fc2c4a10f1698a0f67ca30655b408b800dad72d32ab90e1c?s=96&d=mm&r=g\",\"url\":\"https:\\\/\\\/secure.gravatar.com\\\/avatar\\\/3484d22b01219ed6fc2c4a10f1698a0f67ca30655b408b800dad72d32ab90e1c?s=96&d=mm&r=g\",\"contentUrl\":\"https:\\\/\\\/secure.gravatar.com\\\/avatar\\\/3484d22b01219ed6fc2c4a10f1698a0f67ca30655b408b800dad72d32ab90e1c?s=96&d=mm&r=g\",\"caption\":\"Orion Veicoli Speciali\"},\"sameAs\":[\"https:\\\/\\\/orion-veicolispeciali.info\\\/it\"],\"url\":\"https:\\\/\\\/orion-veicolispeciali.info\\\/it\\\/author\\\/orion\\\/\"}]}<\/script>\n<!-- \/ Yoast SEO plugin. -->","yoast_head_json":{"title":"Politica per la qualit\u00e0, l\u2019ambiente, la responsabilit\u00e0 sociale, la salute e sicurezza - Orion Veicoli Speciali","description":"Politica per la qualit\u00e0, l\u2019ambiente, la responsabilit\u00e0 sociale, la salute e sicurezza di Orion veicoli speciali","robots":{"index":"index","follow":"follow","max-snippet":"max-snippet:-1","max-image-preview":"max-image-preview:large","max-video-preview":"max-video-preview:-1"},"canonical":"https:\/\/orion-veicolispeciali.info\/it\/codice-etico\/politica-per-la-qualita-lambiente-la-responsabilita-sociale-la-salute-e-sicurezza\/","og_locale":"it_IT","og_type":"article","og_title":"Politica per la qualit\u00e0, l\u2019ambiente, la responsabilit\u00e0 sociale, la salute e sicurezza - Orion Veicoli Speciali","og_description":"Politica per la qualit\u00e0, l\u2019ambiente, la responsabilit\u00e0 sociale, la salute e sicurezza di Orion veicoli speciali","og_url":"https:\/\/orion-veicolispeciali.info\/it\/codice-etico\/politica-per-la-qualita-lambiente-la-responsabilita-sociale-la-salute-e-sicurezza\/","og_site_name":"Orion Veicoli Speciali","article_publisher":"https:\/\/www.facebook.com\/OrionVeicoliSpeciali\/","article_published_time":"2023-12-22T10:02:49+00:00","article_modified_time":"2026-02-13T11:04:45+00:00","author":"Orion Veicoli Speciali","twitter_card":"summary_large_image","twitter_misc":{"Scritto da":"Orion Veicoli Speciali","Tempo di lettura stimato":"6 minuti"},"schema":{"@context":"https:\/\/schema.org","@graph":[{"@type":"Article","@id":"https:\/\/orion-veicolispeciali.info\/it\/codice-etico\/politica-per-la-qualita-lambiente-la-responsabilita-sociale-la-salute-e-sicurezza\/#article","isPartOf":{"@id":"https:\/\/orion-veicolispeciali.info\/it\/codice-etico\/politica-per-la-qualita-lambiente-la-responsabilita-sociale-la-salute-e-sicurezza\/"},"author":{"name":"Orion Veicoli Speciali","@id":"https:\/\/orion-veicolispeciali.info\/it\/#\/schema\/person\/8293dc8acc64615f61ee32bebd43e058"},"headline":"Politica per la qualit\u00e0, l\u2019ambiente, la responsabilit\u00e0 sociale, la salute e sicurezza","datePublished":"2023-12-22T10:02:49+00:00","dateModified":"2026-02-13T11:04:45+00:00","mainEntityOfPage":{"@id":"https:\/\/orion-veicolispeciali.info\/it\/codice-etico\/politica-per-la-qualita-lambiente-la-responsabilita-sociale-la-salute-e-sicurezza\/"},"wordCount":1106,"publisher":{"@id":"https:\/\/orion-veicolispeciali.info\/it\/#organization"},"articleSection":["Codice Etico"],"inLanguage":"it-IT"},{"@type":"WebPage","@id":"https:\/\/orion-veicolispeciali.info\/it\/codice-etico\/politica-per-la-qualita-lambiente-la-responsabilita-sociale-la-salute-e-sicurezza\/","url":"https:\/\/orion-veicolispeciali.info\/it\/codice-etico\/politica-per-la-qualita-lambiente-la-responsabilita-sociale-la-salute-e-sicurezza\/","name":"Politica per la qualit\u00e0, l\u2019ambiente, la responsabilit\u00e0 sociale, la salute e sicurezza - Orion Veicoli Speciali","isPartOf":{"@id":"https:\/\/orion-veicolispeciali.info\/it\/#website"},"datePublished":"2023-12-22T10:02:49+00:00","dateModified":"2026-02-13T11:04:45+00:00","description":"Politica per la qualit\u00e0, l\u2019ambiente, la responsabilit\u00e0 sociale, la salute e sicurezza di Orion veicoli speciali","breadcrumb":{"@id":"https:\/\/orion-veicolispeciali.info\/it\/codice-etico\/politica-per-la-qualita-lambiente-la-responsabilita-sociale-la-salute-e-sicurezza\/#breadcrumb"},"inLanguage":"it-IT","potentialAction":[{"@type":"ReadAction","target":["https:\/\/orion-veicolispeciali.info\/it\/codice-etico\/politica-per-la-qualita-lambiente-la-responsabilita-sociale-la-salute-e-sicurezza\/"]}]},{"@type":"BreadcrumbList","@id":"https:\/\/orion-veicolispeciali.info\/it\/codice-etico\/politica-per-la-qualita-lambiente-la-responsabilita-sociale-la-salute-e-sicurezza\/#breadcrumb","itemListElement":[{"@type":"ListItem","position":1,"name":"Home","item":"https:\/\/orion-veicolispeciali.info\/it\/"},{"@type":"ListItem","position":2,"name":"Politica per la qualit\u00e0, l\u2019ambiente, la responsabilit\u00e0 sociale, la salute e sicurezza"}]},{"@type":"WebSite","@id":"https:\/\/orion-veicolispeciali.info\/it\/#website","url":"https:\/\/orion-veicolispeciali.info\/it\/","name":"Orion Veicoli Speciali","description":"","publisher":{"@id":"https:\/\/orion-veicolispeciali.info\/it\/#organization"},"potentialAction":[{"@type":"SearchAction","target":{"@type":"EntryPoint","urlTemplate":"https:\/\/orion-veicolispeciali.info\/it\/?s={search_term_string}"},"query-input":{"@type":"PropertyValueSpecification","valueRequired":true,"valueName":"search_term_string"}}],"inLanguage":"it-IT"},{"@type":"Organization","@id":"https:\/\/orion-veicolispeciali.info\/it\/#organization","name":"Orion srl","url":"https:\/\/orion-veicolispeciali.info\/it\/","logo":{"@type":"ImageObject","inLanguage":"it-IT","@id":"https:\/\/orion-veicolispeciali.info\/it\/#\/schema\/logo\/image\/","url":"https:\/\/orion-veicolispeciali.info\/it\/wp-content\/uploads\/2018\/03\/LogoORION.png","contentUrl":"https:\/\/orion-veicolispeciali.info\/it\/wp-content\/uploads\/2018\/03\/LogoORION.png","width":600,"height":183,"caption":"Orion srl"},"image":{"@id":"https:\/\/orion-veicolispeciali.info\/it\/#\/schema\/logo\/image\/"},"sameAs":["https:\/\/www.facebook.com\/OrionVeicoliSpeciali\/","https:\/\/www.instagram.com\/orion_veicoli_speciali\/","https:\/\/www.youtube.com\/channel\/UCLFqce5NG1-oMgIydtpZpLA?view_as=subscriber"]},{"@type":"Person","@id":"https:\/\/orion-veicolispeciali.info\/it\/#\/schema\/person\/8293dc8acc64615f61ee32bebd43e058","name":"Orion Veicoli Speciali","image":{"@type":"ImageObject","inLanguage":"it-IT","@id":"https:\/\/secure.gravatar.com\/avatar\/3484d22b01219ed6fc2c4a10f1698a0f67ca30655b408b800dad72d32ab90e1c?s=96&d=mm&r=g","url":"https:\/\/secure.gravatar.com\/avatar\/3484d22b01219ed6fc2c4a10f1698a0f67ca30655b408b800dad72d32ab90e1c?s=96&d=mm&r=g","contentUrl":"https:\/\/secure.gravatar.com\/avatar\/3484d22b01219ed6fc2c4a10f1698a0f67ca30655b408b800dad72d32ab90e1c?s=96&d=mm&r=g","caption":"Orion Veicoli Speciali"},"sameAs":["https:\/\/orion-veicolispeciali.info\/it"],"url":"https:\/\/orion-veicolispeciali.info\/it\/author\/orion\/"}]}},"_links":{"self":[{"href":"https:\/\/orion-veicolispeciali.info\/it\/wp-json\/wp\/v2\/posts\/3756","targetHints":{"allow":["GET"]}}],"collection":[{"href":"https:\/\/orion-veicolispeciali.info\/it\/wp-json\/wp\/v2\/posts"}],"about":[{"href":"https:\/\/orion-veicolispeciali.info\/it\/wp-json\/wp\/v2\/types\/post"}],"author":[{"embeddable":true,"href":"https:\/\/orion-veicolispeciali.info\/it\/wp-json\/wp\/v2\/users\/1000"}],"replies":[{"embeddable":true,"href":"https:\/\/orion-veicolispeciali.info\/it\/wp-json\/wp\/v2\/comments?post=3756"}],"version-history":[{"count":3,"href":"https:\/\/orion-veicolispeciali.info\/it\/wp-json\/wp\/v2\/posts\/3756\/revisions"}],"predecessor-version":[{"id":4528,"href":"https:\/\/orion-veicolispeciali.info\/it\/wp-json\/wp\/v2\/posts\/3756\/revisions\/4528"}],"wp:attachment":[{"href":"https:\/\/orion-veicolispeciali.info\/it\/wp-json\/wp\/v2\/media?parent=3756"}],"wp:term":[{"taxonomy":"category","embeddable":true,"href":"https:\/\/orion-veicolispeciali.info\/it\/wp-json\/wp\/v2\/categories?post=3756"},{"taxonomy":"post_tag","embeddable":true,"href":"https:\/\/orion-veicolispeciali.info\/it\/wp-json\/wp\/v2\/tags?post=3756"}],"curies":[{"name":"wp","href":"https:\/\/api.w.org\/{rel}","templated":true}]}}